[{"@context":"https:\/\/schema.org\/","@type":"Article","@id":"https:\/\/www.batkat.cz\/pracujte-v-kancelari-ktera-neni-vase-a-usetrete\/#Article","mainEntityOfPage":"https:\/\/www.batkat.cz\/pracujte-v-kancelari-ktera-neni-vase-a-usetrete\/","headline":"Pracujte v kancel\u00e1\u0159i, kter\u00e1 nen\u00ed va\u0161e a u\u0161et\u0159ete","name":"Pracujte v kancel\u00e1\u0159i, kter\u00e1 nen\u00ed va\u0161e a u\u0161et\u0159ete","description":"Nejen ale \u017eivnostn\u00edci v dne\u0161n\u00ed dob\u011b proto vyu\u017e\u00edvaj\u00ed sd\u00edlen\u00e1 pracovn\u00ed m\u00edsta. U\u0161et\u0159\u00ed za celoro\u010dn\u00ed pron\u00e1jem prostor. Kancel\u00e1\u0159\u00ed je t\u00edm p\u00e1dem ale nedostatek, a proto v Praze p\u0159ib\u00fdvaj\u00ed tak zvan\u00e1 coworkingov\u00e1 centra. Spole\u010dn\u00e1 pracovn\u00ed centra vyu\u017e\u00edvaj\u00ed nejen velk\u00e9 firmy, ale pr\u00e1v\u011b i pracuj\u00edc\u00ed na voln\u00e9 noze i sturtupy. Na tuzemsk\u00e9m trhu se sd\u00edlen\u00fdmi kancel\u00e1\u0159emi se do &hellip; <p class=\"link-more mt-4\"><a href=\"https:\/\/www.batkat.cz\/pracujte-v-kancelari-ktera-neni-vase-a-usetrete\/\" class=\"more-link text-dark\">P\u0159e\u010d\u00edst \u010dl\u00e1nek<span class=\"screen-reader-text\"> \"Pracujte v kancel\u00e1\u0159i, kter\u00e1 nen\u00ed va\u0161e a u\u0161et\u0159ete\"<\/span><\/a><\/p>","datePublished":"2019-09-26","dateModified":"2023-05-03","author":{"@type":"Person","@id":"https:\/\/www.batkat.cz\/author\/#Person","name":"","url":"https:\/\/www.batkat.cz\/author\/","identifier":1,"image":{"@type":"ImageObject","@id":"https:\/\/secure.gravatar.com\/avatar\/60cfa630c84b6c399b95e807e4bc5b6bfe4f26a47dceacbf179d7148760edc6a?s=96&d=mm&r=g","url":"https:\/\/secure.gravatar.com\/avatar\/60cfa630c84b6c399b95e807e4bc5b6bfe4f26a47dceacbf179d7148760edc6a?s=96&d=mm&r=g","height":96,"width":96}},"publisher":{"@type":"Organization","name":"batkat.cz","logo":{"@type":"ImageObject","@id":"\/logo.png","url":"\/logo.png","width":600,"height":60}},"image":{"@type":"ImageObject","@id":"https:\/\/www.batkat.cz\/wp-content\/uploads\/img_a355339_w3710_t1569682252.jpg","url":"https:\/\/www.batkat.cz\/wp-content\/uploads\/img_a355339_w3710_t1569682252.jpg","height":0,"width":0},"url":"https:\/\/www.batkat.cz\/pracujte-v-kancelari-ktera-neni-vase-a-usetrete\/","about":["Business"],"wordCount":462,"articleBody":"Nejen ale \u017eivnostn\u00edci v dne\u0161n\u00ed dob\u011b proto vyu\u017e\u00edvaj\u00ed sd\u00edlen\u00e1 pracovn\u00ed m\u00edsta. U\u0161et\u0159\u00ed za celoro\u010dn\u00ed pron\u00e1jem prostor. Kancel\u00e1\u0159\u00ed je t\u00edm p\u00e1dem ale nedostatek, a proto v Praze p\u0159ib\u00fdvaj\u00ed tak zvan\u00e1 coworkingov\u00e1 centra. Spole\u010dn\u00e1 pracovn\u00ed centra vyu\u017e\u00edvaj\u00ed nejen velk\u00e9 firmy, ale pr\u00e1v\u011b i pracuj\u00edc\u00ed na voln\u00e9 noze i sturtupy.\tNa tuzemsk\u00e9m trhu se sd\u00edlen\u00fdmi kancel\u00e1\u0159emi se do konce leto\u0161n\u00edho roku vyloupne nov\u00fd l\u00eddr. Bude j\u00edm nadn\u00e1rodn\u00ed spole\u010dnost International Workplace Group, kter\u00e1 chyst\u00e1 b\u011bhem n\u00e1sleduj\u00edc\u00edch m\u011bs\u00edc\u016f v Praze otev\u0159\u00edt t\u0159i coworkingov\u00e1 centra o rozloze v\u011bt\u0161\u00ed ne\u017e deset tis\u00edc metr\u016f \u010dtvere\u010dn\u00edch.\tNa kr\u00e1tkodob\u00fd pron\u00e1jem tak bude kancel\u00e1\u0159sk\u00fdch prostor v hlavn\u00edm m\u011bst\u011b v\u00edce ne\u017e \u0161edes\u00e1t tis\u00edc metr\u016f \u010dtvere\u010dn\u00edch. To je za posledn\u00ed rok n\u00e1r\u016fst takov\u00fdch m\u00edst o v\u00edce ne\u017e 65 procent. Provozovatel\u00e9 takov\u00fdch m\u00edst tvrd\u00ed, \u017ee rozhodn\u011b nemaj\u00ed o klienty nouzi. WorkLounge centra maj\u00ed dokonce dv\u011b sv\u00e9 st\u00e1vaj\u00edc\u00ed pobo\u010dky zcela pln\u00e9 a na novou, kterou pr\u00e1v\u011b vytvo\u0159ili v Karl\u00edn\u011b, maj\u00ed popt\u00e1vky dnes a denn\u011b. Jen n\u011bkolik m\u00e1lo voln\u00fdch m\u00edst pak maj\u00ed nap\u0159\u00edklad provozovatel\u00e9 center ImpactHub. Vzhledem k vysok\u00e9 popt\u00e1vce i oni zva\u017euj\u00ed otev\u0159en\u00ed dal\u0161\u00edho prostoru pro tyto \u00fa\u010dely.\tPodle analytik\u016f se budou sv\u011btov\u00e9 coworkingov\u00e9 platformy ji\u017e v brzk\u00e9 budoucnosti zam\u011b\u0159it na dal\u0161\u00ed m\u011bsta, jako je nap\u0159\u00edklad pr\u00e1v\u011b Brno. Tuzemsk\u00e9 firmy ale ji\u017e nyn\u00ed maj\u00ed provozovny nap\u0159\u00ed\u010d celou republikou, nicm\u00e9n\u011b nejsou zase a\u017e tak velk\u00e9. M\u00edstn\u00ed poskytovatel\u00e9 takov\u00fdch center se zam\u011b\u0159uj\u00ed sp\u00ed\u0161e na jednotlivce, tak\u017ee slou\u017e\u00ed sp\u00ed\u0161e n\u011bkolika des\u00edtk\u00e1m lid\u00ed, sp\u00ed\u0161e z \u0159ad \u017eivnostn\u00edk\u016f.\t\tV\u00fdhody sd\u00edlen\u00fdch pracovn\u00edch prostor\t\u2022\u00a0\u00a0\u00a0\u00a0\u00a0\u00a0\u00a0 V\u00fdhodou t\u011bchto pracovi\u0161\u0165 je samoz\u0159ejm\u011b flexibilita. Ti, kte\u0159\u00ed m\u00edsta vyu\u017e\u00edvaj\u00ed, zde nemus\u00ed podepisovat klasick\u00e9 n\u00e1jemn\u00ed smlouvy t\u0159eba na p\u011bt let, ale mohou si zde svoje \u010dlenstv\u00ed vy\u0159\u00eddit v podstat\u011b na libovolnou dobu.\t\u2022\u00a0\u00a0\u00a0\u00a0\u00a0\u00a0\u00a0 Vzhledem k sou\u010dasn\u00e9mu rychl\u00e9mu v\u00fdvoji na poli technologie nem\u00e1 nikdo z podnikatel\u016f p\u0159edstavu o tom, jak dlouho budou prostory pot\u0159ebovat a jak se jejich byznys bude nad\u00e1le vyv\u00edjet.\t\u2022\u00a0\u00a0\u00a0\u00a0\u00a0\u00a0\u00a0 Tou nejv\u011bt\u0161\u00ed v\u00fdhodou v\u0161ak je, \u017ee ti, kte\u0159\u00ed m\u00edsta vyu\u017e\u00edvaj\u00ed u\u0161et\u0159\u00ed. A\u0165 u\u017e tedy na pron\u00e1jmu velk\u00fdch prostor, tak i na vybaven\u00ed. Nejedno coworkingov\u00e9 centrum pak po\u0159\u00e1d\u00e1 semin\u00e1\u0159e, \u0161kolen\u00ed a dal\u0161\u00ed spole\u010dn\u00e9 vzd\u011bl\u00e1vac\u00ed aktivity, kter\u00e9 pomohou nejen se znalostmi, ale i v rozvoji obchodn\u00edch kontakt\u016f.                                                                                                                                                                                                                                                                                                                                                                                        4\/5 - (5 votes)        "},{"@context":"https:\/\/schema.org\/","@type":"BreadcrumbList","itemListElement":[{"@type":"ListItem","position":1,"name":"Pracujte v kancel\u00e1\u0159i, kter\u00e1 nen\u00ed va\u0161e a u\u0161et\u0159ete","item":"https:\/\/www.batkat.cz\/pracujte-v-kancelari-ktera-neni-vase-a-usetrete\/#breadcrumbitem"}]}]